{"id":85,"date":"2018-05-24T12:44:21","date_gmt":"2018-05-24T10:44:21","guid":{"rendered":"http:\/\/microfinance.tresor.gouv.ci\/micro\/?p=85"},"modified":"2018-07-18T18:24:32","modified_gmt":"2018-07-18T16:24:32","slug":"journees-nationales-de-la-microfinance-le-tresor-public-accompagne-linclusion-financiere","status":"publish","type":"post","link":"https:\/\/microfinance.tresor.gouv.ci\/micro\/2018\/05\/24\/journees-nationales-de-la-microfinance-le-tresor-public-accompagne-linclusion-financiere\/","title":{"rendered":"Journ\u00e9es Nationales de la Microfinance : Le Tr\u00e9sor Public accompagne l\u2019inclusion financi\u00e8re"},"content":{"rendered":"<p>L\u2019Association Professionnelle des Syst\u00e8mes financiers D\u00e9centralis\u00e9s de C\u00f4te d\u2019Ivoire ( APSFD-CI) organise la premi\u00e8re \u00e9dition des Journ\u00e9es Nationales de la Microfinance (JNM) autour du th\u00e8me \u00ab\u00a0contribution de la Microfinance \u00e0 l\u2019inclusion financi\u00e8re en C\u00f4te d\u2019Ivoire\u2019\u2019. L\u2019ouverture officielle a eu lieu ce jeudi 22 mars 2018 en pr\u00e9sence de M. Adama KON\u00c9, Ministre de l\u2019\u00c9conomie et des Finances.<br \/>\nLa Direction G\u00e9n\u00e9rale du Tr\u00e9sor et de la Comptabilit\u00e9 Publique, administration en charge la r\u00e9gulation du secteur de la microfinance, prend une part active \u00e0 ces assises.<br \/>\n\u00c0 l\u2019ouverture des travaux, le Ministre Adama KON\u00c9 est revenu sur l\u2019apport des syst\u00e8mes financiers d\u00e9centralis\u00e9s (SFD) dans l\u2019\u00e9conomie nationale. En effet, au 31 d\u00e9cembre 2017, r\u00e9v\u00e8le le Ministre, les SFD ont enregistr\u00e9 1,3 million de clients et 34,2 milliards de F CFA de fonds propres. Aussi a-t-il indiqu\u00e9 : \u00ab l\u2019\u00e9pargne mobilis\u00e9e par les SFD et l\u2019encours de cr\u00e9dit ont \u00e9t\u00e9 multipli\u00e9s par quatre. Ils s\u2019\u00e9tablissent respectivement \u00e0 306,6 et 260,4 milliards de F CFA \u00bb.<br \/>\n\u00abLa majorit\u00e9 des ivoiriens reste malheureusement exclue du syst\u00e8me financier avec seulement 16% de la population poss\u00e9dant un compte bancaire et un taux de p\u00e9n\u00e9tration de la microfinance qui ne repr\u00e9sente que 6%\u00bb, a-t-il d\u00e9plor\u00e9 estimant que le th\u00e8me de cette premi\u00e8re \u00e9dition des journ\u00e9es nationales de la microfinance est \u00ab l\u2019occasion d\u2019apporter des solutions innovantes et durables \u00e0 la construction d\u2019un secteur financier inclusif et viable en C\u00f4te d\u2019Ivoire \u00bb.<br \/>\nPour sa part, M. Yao Georges Kouassi, le Pr\u00e9sident de l\u2019APSFD-CI s\u2019est f\u00e9licit\u00e9 de la croissance r\u00e9guli\u00e8re des activit\u00e9s des syst\u00e8mes financiers d\u00e9centralis\u00e9s en g\u00e9n\u00e9ral. Pour lui, ces journ\u00e9es seront l\u2019opportunit\u00e9 de projeter les actions \u00e0 venir pour la poursuite du d\u00e9veloppement de la microfinance en C\u00f4te d\u2019Ivoire\u2019\u2019.<br \/>\nLe Tr\u00e9sor Public, \u00e0 travers la Direction de la R\u00e9glementation et de Surveillance des Syst\u00e8mes Financiers D\u00e9centralis\u00e9s (DRSSFD), reste pr\u00e9occup\u00e9 par le respect de la r\u00e9glementation. Ce qui permettra de faire de la finance d\u00e9centralis\u00e9e un levier important pour la promotion de l\u2019inclusion financi\u00e8re en C\u00f4te d\u2019Ivoire.<br \/>\nEntre outre, la DRSSFD a pour missions :<\/p>\n<ul>\n<li>d\u2019instruire les dossiers de demande d\u2019autorisation d\u2019exercer en qualit\u00e9 d\u2019institution de Microfinance ;<\/li>\n<li>d&rsquo;effectuer les contr\u00f4les n\u00e9cessaires pour la garantie de la bonne gestion des institutions de Microfinance et le respect de la r\u00e9glementation en vigueur ;<\/li>\n<li>d&rsquo;assurer la production et le suivi des indicateurs du secteur de la Microfinance ;<\/li>\n<li>et de veiller \u00e0 la mise en \u0153uvre de toutes les mesures prises par l\u2019autorit\u00e9 \u00e0 l\u2019encontre des structures de Microfinance.<\/li>\n<\/ul>\n","protected":false},"excerpt":{"rendered":"<p>L\u2019Association Professionnelle des Syst\u00e8mes financiers D\u00e9centralis\u00e9s de C\u00f4te d\u2019Ivoire ( APSFD-CI) organise la premi\u00e8re \u00e9dition des Journ\u00e9es Nationales de la Microfinance (JNM) autour du th\u00e8me \u00ab\u00a0contribution de la Microfinance \u00e0 l\u2019inclusion financi\u00e8re en C\u00f4te d\u2019Ivoire\u2019\u2019. L\u2019ouverture officielle a eu lieu ce jeudi 22 mars 2018 en pr\u00e9sence de M. Adama KON\u00c9, Ministre de l\u2019\u00c9conomie et&#8230;<\/p>\n","protected":false},"author":2,"featured_media":73,"comment_status":"closed","ping_status":"open","sticky":false,"template":"","format":"standard","meta":{"footnotes":""},"categories":[4],"tags":[],"class_list":["post-85","post","type-post","status-publish","format-standard","has-post-thumbnail","hentry","category-evenements"],"_links":{"self":[{"href":"https:\/\/microfinance.tresor.gouv.ci\/micro\/wp-json\/wp\/v2\/posts\/85","targetHints":{"allow":["GET"]}}],"collection":[{"href":"https:\/\/microfinance.tresor.gouv.ci\/micro\/wp-json\/wp\/v2\/posts"}],"about":[{"href":"https:\/\/microfinance.tresor.gouv.ci\/micro\/wp-json\/wp\/v2\/types\/post"}],"author":[{"embeddable":true,"href":"https:\/\/microfinance.tresor.gouv.ci\/micro\/wp-json\/wp\/v2\/users\/2"}],"replies":[{"embeddable":true,"href":"https:\/\/microfinance.tresor.gouv.ci\/micro\/wp-json\/wp\/v2\/comments?post=85"}],"version-history":[{"count":9,"href":"https:\/\/microfinance.tresor.gouv.ci\/micro\/wp-json\/wp\/v2\/posts\/85\/revisions"}],"predecessor-version":[{"id":500,"href":"https:\/\/microfinance.tresor.gouv.ci\/micro\/wp-json\/wp\/v2\/posts\/85\/revisions\/500"}],"wp:featuredmedia":[{"embeddable":true,"href":"https:\/\/microfinance.tresor.gouv.ci\/micro\/wp-json\/wp\/v2\/media\/73"}],"wp:attachment":[{"href":"https:\/\/microfinance.tresor.gouv.ci\/micro\/wp-json\/wp\/v2\/media?parent=85"}],"wp:term":[{"taxonomy":"category","embeddable":true,"href":"https:\/\/microfinance.tresor.gouv.ci\/micro\/wp-json\/wp\/v2\/categories?post=85"},{"taxonomy":"post_tag","embeddable":true,"href":"https:\/\/microfinance.tresor.gouv.ci\/micro\/wp-json\/wp\/v2\/tags?post=85"}],"curies":[{"name":"wp","href":"https:\/\/api.w.org\/{rel}","templated":true}]}}