{"id":77,"date":"2018-05-24T12:41:13","date_gmt":"2018-05-24T10:41:13","guid":{"rendered":"http:\/\/microfinance.tresor.gouv.ci\/micro\/?p=77"},"modified":"2018-07-20T12:49:58","modified_gmt":"2018-07-20T10:49:58","slug":"microfinance-les-sfd-appeles-a-se-regrouper","status":"publish","type":"post","link":"https:\/\/microfinance.tresor.gouv.ci\/micro\/2018\/05\/24\/microfinance-les-sfd-appeles-a-se-regrouper\/","title":{"rendered":"Microfinance : Les SFD appel\u00e9s \u00e0 se regrouper"},"content":{"rendered":"<p>Si leur importance dans la mobilisation de l\u2019\u00e9pargne, de l\u2019inclusion financi\u00e8re et de la lutte contre la pauvret\u00e9 n\u2019est plus \u00e0 relever, les syst\u00e8mes financiers d\u00e9centralis\u00e9s (SFD) continuent de souffrir de certaines faiblesses qui les rendent fragiles dans un milieu de plus en plus concurrentiel.C\u2019est pour les rendre viables et beaucoup plus aptes \u00e0 r\u00e9sister aux chocs inh\u00e9rents \u00e0 leur secteur d\u2019activit\u00e9 que la Direction G\u00e9n\u00e9rale du Tr\u00e9sor et de la Comptabilit\u00e9 Publique et le Programme de D\u00e9veloppement du Secteur Financier (PDESFI), en collaboration avec la Banque Mondiale et l\u2019Association des Syst\u00e8mes Financiers D\u00e9centralis\u00e9s de C\u00f4te d\u2019Ivoire (APSFD-CI), ont organis\u00e9, le 15 d\u00e9cembre 2017, \u00e0 l\u2019H\u00f4tel Azala\u00ef d\u2019Abidjan-Marcory, un atelier de sensibilisation sur le th\u00e8me &lt;&lt; viabilit\u00e9 des syst\u00e8mes financiers d\u00e9centralis\u00e9s face au d\u00e9fi du regroupement &gt;&gt;.<\/p>\n<p>Parmi les sous-th\u00e8mes qui ont meubl\u00e9 la rencontre de l\u2019H\u00f4tel Azala\u00ef, on retiendra celui sur \u2018\u2019Les int\u00e9r\u00eats et exigences du regroupement des syst\u00e8mes financiers d\u00e9centralis\u00e9s\u2019\u2019, pr\u00e9sent\u00e9 par M. LHERIAU Laurent, Consultant \u00e0 la Banque Mondiale. S\u2019il estime que le regroupement n\u2019est pas une solution miracle, M. LHERIAU a toutefois appel\u00e9 au regroupement des SFD qui, \u00e0 l\u2019en croire, pr\u00e9sente de nombreux avantages, dont le principal est l\u2019optimisation des co\u00fbts et une meilleure visibilit\u00e9 de l\u2019offre de service. Sans oublier la gouvernance, le renforcement des services financiers p\u00e9rennes, ainsi que la ma\u00eetrise des risques.<\/p>\n<p>\u00c0 noter que cet atelier plac\u00e9 sous le patronage du Ministre de l\u2019\u00c9conomie et des Finances, M. Adama KON\u00c9, repr\u00e9sent\u00e9 par son Conseiller Technique, Mme TIOMAN Caroline, a fait des recommandations \u00e0 l\u2019endroit de tous. Ainsi, a-t-il recommand\u00e9 aux SFD de respecter les conditions pr\u00e9alables au regroupement et de solliciter des financements aupr\u00e8s de l\u2019Agence Fran\u00e7aise de D\u00e9veloppement (AFD). Quant aux autorit\u00e9s et partenaires techniques financiers, ils ont \u00e9t\u00e9 invit\u00e9s \u00e0 encadrer les regroupements des SFD et \u00e0 leur apporter les appuis techniques et financiers dans le cadre de leur regroupement.<\/p>\n","protected":false},"excerpt":{"rendered":"<p>Si leur importance dans la mobilisation de l\u2019\u00e9pargne, de l\u2019inclusion financi\u00e8re et de la lutte contre la pauvret\u00e9 n\u2019est plus \u00e0 relever, les syst\u00e8mes financiers d\u00e9centralis\u00e9s (SFD) continuent de souffrir de certaines faiblesses qui les rendent fragiles dans un milieu de plus en plus concurrentiel.C\u2019est pour les rendre viables et beaucoup plus aptes \u00e0 r\u00e9sister&#8230;<\/p>\n","protected":false},"author":2,"featured_media":441,"comment_status":"closed","ping_status":"open","sticky":false,"template":"","format":"standard","meta":{"footnotes":""},"categories":[4],"tags":[],"class_list":["post-77","post","type-post","status-publish","format-standard","has-post-thumbnail","hentry","category-evenements"],"_links":{"self":[{"href":"https:\/\/microfinance.tresor.gouv.ci\/micro\/wp-json\/wp\/v2\/posts\/77","targetHints":{"allow":["GET"]}}],"collection":[{"href":"https:\/\/microfinance.tresor.gouv.ci\/micro\/wp-json\/wp\/v2\/posts"}],"about":[{"href":"https:\/\/microfinance.tresor.gouv.ci\/micro\/wp-json\/wp\/v2\/types\/post"}],"author":[{"embeddable":true,"href":"https:\/\/microfinance.tresor.gouv.ci\/micro\/wp-json\/wp\/v2\/users\/2"}],"replies":[{"embeddable":true,"href":"https:\/\/microfinance.tresor.gouv.ci\/micro\/wp-json\/wp\/v2\/comments?post=77"}],"version-history":[{"count":7,"href":"https:\/\/microfinance.tresor.gouv.ci\/micro\/wp-json\/wp\/v2\/posts\/77\/revisions"}],"predecessor-version":[{"id":481,"href":"https:\/\/microfinance.tresor.gouv.ci\/micro\/wp-json\/wp\/v2\/posts\/77\/revisions\/481"}],"wp:featuredmedia":[{"embeddable":true,"href":"https:\/\/microfinance.tresor.gouv.ci\/micro\/wp-json\/wp\/v2\/media\/441"}],"wp:attachment":[{"href":"https:\/\/microfinance.tresor.gouv.ci\/micro\/wp-json\/wp\/v2\/media?parent=77"}],"wp:term":[{"taxonomy":"category","embeddable":true,"href":"https:\/\/microfinance.tresor.gouv.ci\/micro\/wp-json\/wp\/v2\/categories?post=77"},{"taxonomy":"post_tag","embeddable":true,"href":"https:\/\/microfinance.tresor.gouv.ci\/micro\/wp-json\/wp\/v2\/tags?post=77"}],"curies":[{"name":"wp","href":"https:\/\/api.w.org\/{rel}","templated":true}]}}