{"id":683,"date":"2018-11-03T10:00:40","date_gmt":"2018-11-03T09:00:40","guid":{"rendered":"http:\/\/microfinance.tresor.gouv.ci\/micro\/?p=683"},"modified":"2018-12-06T14:32:57","modified_gmt":"2018-12-06T13:32:57","slug":"promotion-de-la-bancarisation-le-tresor-public-lance-une-campagne-de-sensibilisation-des-populations","status":"publish","type":"post","link":"https:\/\/microfinance.tresor.gouv.ci\/micro\/2018\/11\/03\/promotion-de-la-bancarisation-le-tresor-public-lance-une-campagne-de-sensibilisation-des-populations\/","title":{"rendered":"Promotion de la bancarisation: le Tr\u00e9sor Public lance une campagne de sensibilisation des populations"},"content":{"rendered":"<p>La Direction G\u00e9n\u00e9rale du Tr\u00e9sor et de la Comptabilit\u00e9 Publique, \u00e0 travers la Direction des \u00c9tablissements de Cr\u00e9dit et des Finances Ext\u00e9rieures (DECFINEX) poursuit ses efforts en vue de contribuer davantage au rel\u00e8vement du taux de bancarisation en C\u00f4te d\u2019Ivoire.<br \/>\nJeudi 23 ao\u00fbt 2018, elle a proc\u00e9d\u00e9 au lancement d\u2019une nouvelle campagne de sensibilisation des populations autour du th\u00e8me : \u2018\u2018Qualit\u00e9 des services financiers au profit de la population\u2019\u2019. Cette campagne fait suite \u00e0 celles organis\u00e9es en 2016 et 2017. La c\u00e9r\u00e9monie a \u00e9t\u00e9 pr\u00e9sid\u00e9e par le Directeur G\u00e9n\u00e9ral Adjoint (DGA) du Tr\u00e9sor Public, M. AHOUSSI Arthur, repr\u00e9sentant le Directeur G\u00e9n\u00e9ral M. ASSAHOR\u00c9 Konan Jacques.<\/p>\n<p>Bien avant l\u2019ouverture de la campagne par le DGA, le Sous-Directeur des Finances Ext\u00e9rieures, M. SAVANE Mory a indiqu\u00e9 que le taux de bancarisation demeure faible en C\u00f4te d\u2019Ivoire, quand bien m\u00eame qu\u2019il soit pass\u00e9 de 7,1% en 2007 \u00e0 19,7% \u00e0 ce jour et en d\u00e9pit des progr\u00e8s r\u00e9alis\u00e9s en termes d\u2019implantation des \u00e9tablissements de cr\u00e9dit et syst\u00e8mes financiers d\u00e9centralis\u00e9s, sur l\u2019\u00e9tendue du territoire.<br \/>\nA travers cette campagne, a poursuivi M. SAVANE, le Tr\u00e9sor Public, entend am\u00e9liorer ce taux, surtout en milieu rural et faciliter ainsi l\u2019inclusion financi\u00e8re. Au cours de cette \u00e9dition 2018, la campagne mettra en avant la qualit\u00e9 des services et l\u2019innovation des pratiques bancaires au profit des populations. De fa\u00e7on sp\u00e9cifique, il s\u2019agira de pr\u00e9senter aux diff\u00e9rentes cibles, le r\u00f4le des Banques et des Services Financiers D\u00e9centralis\u00e9s (SFD) dans l\u2019\u00e9conomie, les avantages li\u00e9s \u00e0 la d\u00e9tention d\u2019un compte et \u00e0 l\u2019utilisation de produits bancaires, les services innovants des banques, etc.<\/p>\n<p>Proc\u00e9dant \u00e0 l\u2019ouverture de la campagne, le Directeur G\u00e9n\u00e9ral adjoint du Tr\u00e9sor Public, M. AHOUSSI Arthur a salu\u00e9 la Banque Centrale des \u00c9tats de l\u2019Afrique de l\u2019Ouest (BCEAO), repr\u00e9sent\u00e9e, pour son accompagnement dans la r\u00e9gulation du syst\u00e8me bancaire et ses actions entreprises sur le sentier de la promotion de la bancarisation. Il s\u2019est \u00e9galement f\u00e9licit\u00e9 de l\u2019int\u00e9r\u00eat particulier que les acteurs du syst\u00e8me financier et bancaire accordent \u00e0 la probl\u00e9matique de la bancarisation.<\/p>\n<p>Selon le DGA, le territoire ivoirien est couvert par 666 guichets et 934 DAB\/GAB. Cette tendance, a-t-il r\u00e9v\u00e9l\u00e9, s\u2019inscrit \u00e0 la hausse au vue des pr\u00e9visions qui ont \u00e9t\u00e9 communiqu\u00e9es par le syst\u00e8me bancaire au titre de l\u2019ann\u00e9e 2018. Puis, il s\u2019est dit convaincu que les r\u00e9ticences et les appr\u00e9hensions des populations vis-\u00e0-vis du secteur bancaire seront lev\u00e9es et que cette action aura un impact positif sur le taux de bancarisation.<\/p>\n<p>Cette ann\u00e9e, quatre r\u00e9gions sont vis\u00e9es. L\u2019Indeni\u00e9-Djuablin (Abengourou), le G\u00f4h (Gagnoa), le Tonkpi (Man), San Pedro (San Pedro). La campagne s\u2019\u00e9tendra sur la p\u00e9riode d\u2019octobre \u00e0 septembre 2018.<\/p>\n","protected":false},"excerpt":{"rendered":"<p>La Direction G\u00e9n\u00e9rale du Tr\u00e9sor et de la Comptabilit\u00e9 Publique, \u00e0 travers la Direction des \u00c9tablissements de Cr\u00e9dit et des Finances Ext\u00e9rieures (DECFINEX) poursuit ses efforts en vue de contribuer davantage au rel\u00e8vement du taux de bancarisation en C\u00f4te d\u2019Ivoire. Jeudi 23 ao\u00fbt 2018, elle a proc\u00e9d\u00e9 au lancement d\u2019une nouvelle campagne de sensibilisation des&#8230;<\/p>\n","protected":false},"author":2,"featured_media":684,"comment_status":"closed","ping_status":"closed","sticky":false,"template":"","format":"standard","meta":{"footnotes":""},"categories":[4],"tags":[],"class_list":["post-683","post","type-post","status-publish","format-standard","has-post-thumbnail","hentry","category-evenements"],"_links":{"self":[{"href":"https:\/\/microfinance.tresor.gouv.ci\/micro\/wp-json\/wp\/v2\/posts\/683","targetHints":{"allow":["GET"]}}],"collection":[{"href":"https:\/\/microfinance.tresor.gouv.ci\/micro\/wp-json\/wp\/v2\/posts"}],"about":[{"href":"https:\/\/microfinance.tresor.gouv.ci\/micro\/wp-json\/wp\/v2\/types\/post"}],"author":[{"embeddable":true,"href":"https:\/\/microfinance.tresor.gouv.ci\/micro\/wp-json\/wp\/v2\/users\/2"}],"replies":[{"embeddable":true,"href":"https:\/\/microfinance.tresor.gouv.ci\/micro\/wp-json\/wp\/v2\/comments?post=683"}],"version-history":[{"count":1,"href":"https:\/\/microfinance.tresor.gouv.ci\/micro\/wp-json\/wp\/v2\/posts\/683\/revisions"}],"predecessor-version":[{"id":685,"href":"https:\/\/microfinance.tresor.gouv.ci\/micro\/wp-json\/wp\/v2\/posts\/683\/revisions\/685"}],"wp:featuredmedia":[{"embeddable":true,"href":"https:\/\/microfinance.tresor.gouv.ci\/micro\/wp-json\/wp\/v2\/media\/684"}],"wp:attachment":[{"href":"https:\/\/microfinance.tresor.gouv.ci\/micro\/wp-json\/wp\/v2\/media?parent=683"}],"wp:term":[{"taxonomy":"category","embeddable":true,"href":"https:\/\/microfinance.tresor.gouv.ci\/micro\/wp-json\/wp\/v2\/categories?post=683"},{"taxonomy":"post_tag","embeddable":true,"href":"https:\/\/microfinance.tresor.gouv.ci\/micro\/wp-json\/wp\/v2\/tags?post=683"}],"curies":[{"name":"wp","href":"https:\/\/api.w.org\/{rel}","templated":true}]}}