{"id":1510,"date":"2024-09-05T19:26:35","date_gmt":"2024-09-05T17:26:35","guid":{"rendered":"https:\/\/microfinance.tresor.gouv.ci\/micro\/?p=1510"},"modified":"2024-09-05T19:26:35","modified_gmt":"2024-09-05T17:26:35","slug":"13eme-edition-des-reunions-annuelles-des-leaders-de-linitiative-africaine-sur-les-politiques-dinclusion-financiere-afpi","status":"publish","type":"post","link":"https:\/\/microfinance.tresor.gouv.ci\/micro\/2024\/09\/05\/13eme-edition-des-reunions-annuelles-des-leaders-de-linitiative-africaine-sur-les-politiques-dinclusion-financiere-afpi\/","title":{"rendered":"13\u00e8me \u00e9dition des r\u00e9unions annuelles des leaders de l\u2019Initiative Africaine sur les Politiques d\u2019Inclusion Financi\u00e8re (AfPI)"},"content":{"rendered":"","protected":false},"excerpt":{"rendered":"","protected":false},"author":2,"featured_media":1514,"comment_status":"closed","ping_status":"closed","sticky":false,"template":"","format":"standard","meta":{"footnotes":""},"categories":[7],"tags":[],"class_list":["post-1510","post","type-post","status-publish","format-standard","has-post-thumbnail","hentry","category-slider"],"_links":{"self":[{"href":"https:\/\/microfinance.tresor.gouv.ci\/micro\/wp-json\/wp\/v2\/posts\/1510","targetHints":{"allow":["GET"]}}],"collection":[{"href":"https:\/\/microfinance.tresor.gouv.ci\/micro\/wp-json\/wp\/v2\/posts"}],"about":[{"href":"https:\/\/microfinance.tresor.gouv.ci\/micro\/wp-json\/wp\/v2\/types\/post"}],"author":[{"embeddable":true,"href":"https:\/\/microfinance.tresor.gouv.ci\/micro\/wp-json\/wp\/v2\/users\/2"}],"replies":[{"embeddable":true,"href":"https:\/\/microfinance.tresor.gouv.ci\/micro\/wp-json\/wp\/v2\/comments?post=1510"}],"version-history":[{"count":1,"href":"https:\/\/microfinance.tresor.gouv.ci\/micro\/wp-json\/wp\/v2\/posts\/1510\/revisions"}],"predecessor-version":[{"id":1515,"href":"https:\/\/microfinance.tresor.gouv.ci\/micro\/wp-json\/wp\/v2\/posts\/1510\/revisions\/1515"}],"wp:featuredmedia":[{"embeddable":true,"href":"https:\/\/microfinance.tresor.gouv.ci\/micro\/wp-json\/wp\/v2\/media\/1514"}],"wp:attachment":[{"href":"https:\/\/microfinance.tresor.gouv.ci\/micro\/wp-json\/wp\/v2\/media?parent=1510"}],"wp:term":[{"taxonomy":"category","embeddable":true,"href":"https:\/\/microfinance.tresor.gouv.ci\/micro\/wp-json\/wp\/v2\/categories?post=1510"},{"taxonomy":"post_tag","embeddable":true,"href":"https:\/\/microfinance.tresor.gouv.ci\/micro\/wp-json\/wp\/v2\/tags?post=1510"}],"curies":[{"name":"wp","href":"https:\/\/api.w.org\/{rel}","templated":true}]}}